{"id":3077,"date":"2018-06-18T20:51:47","date_gmt":"2018-06-18T18:51:47","guid":{"rendered":"http:\/\/speedlog.de\/es\/?p=3077"},"modified":"2018-06-18T20:51:47","modified_gmt":"2018-06-18T18:51:47","slug":"speedlog-aumenta-la-capacidad-de-almacenamiento","status":"publish","type":"post","link":"https:\/\/speedlog.de\/es\/news\/speedlog-aumenta-la-capacidad-de-almacenamiento\/","title":{"rendered":"Speedlog aumenta la capacidad de almacenamiento"},"content":{"rendered":"<p>Nos alegramos poder comunicarles, que hemos aumentado nuestras posibilidades de almacenamiento por un espacio abierto de 2500 m2 a lado de nuestro almac\u00e9n cubierto.<\/p>\n<p>El terreno por partes asfaltado y por partes cubierto de grava vale perfectamente para las mercanc\u00edas resistentes a la intemperie, tambi\u00e9n con grandes pesos.<\/p>\n<p>Si se desea, tenemos tambi\u00e9n la opci\u00f3n de tapar la mercanc\u00eda con lonas que se pueden alquilar adicionalmente. La manipulaci\u00f3n de la mercanc\u00eda almacenada se realiza con caretillas o si fuese necesario con gr\u00faas mobiles.<br \/>\nNuestro personal cualificado se encarga de un tratamiento cuidadoso de su g\u00e9nero.<\/p>\n<p><img decoding=\"async\" loading=\"lazy\" class=\"alignnone size-medium wp-image-3078\" src=\"https:\/\/speedlog.de\/es\/wp-content\/uploads\/sites\/10\/2018\/06\/Speedlog-erweitert-Lagerkapazitaet-news-30-627x377.jpg\" alt=\"Speedlog aumenta la capacidad de almacenamiento\" width=\"627\" height=\"377\" srcset=\"https:\/\/speedlog.de\/es\/wp-content\/uploads\/sites\/10\/2018\/06\/Speedlog-erweitert-Lagerkapazitaet-news-30-627x377.jpg 627w, https:\/\/speedlog.de\/es\/wp-content\/uploads\/sites\/10\/2018\/06\/Speedlog-erweitert-Lagerkapazitaet-news-30-24x14.jpg 24w, https:\/\/speedlog.de\/es\/wp-content\/uploads\/sites\/10\/2018\/06\/Speedlog-erweitert-Lagerkapazitaet-news-30-36x22.jpg 36w, https:\/\/speedlog.de\/es\/wp-content\/uploads\/sites\/10\/2018\/06\/Speedlog-erweitert-Lagerkapazitaet-news-30-48x29.jpg 48w, https:\/\/speedlog.de\/es\/wp-content\/uploads\/sites\/10\/2018\/06\/Speedlog-erweitert-Lagerkapazitaet-news-30.jpg 640w\" sizes=\"(max-width: 627px) 100vw, 627px\" \/><\/p>\n","protected":false},"excerpt":{"rendered":"<p>Nos alegramos poder comunicarles, que hemos aumentado nuestras posibilidades de almacenamiento por un espacio abierto de 2500 m2 a lado de nuestro almac\u00e9n cubierto. El terreno por partes asfaltado y por partes cubierto de grava vale perfectamente para las mercanc\u00edas resistentes a la intemperie, tambi\u00e9n con grandes pesos. Si se desea, tenemos tambi\u00e9n la opci\u00f3n&#8230;<\/p>\n","protected":false},"author":1,"featured_media":3079,"comment_status":"closed","ping_status":"open","sticky":false,"template":"","format":"standard","meta":{"footnotes":""},"categories":[70],"tags":[],"_links":{"self":[{"href":"https:\/\/speedlog.de\/es\/wp-json\/wp\/v2\/posts\/3077"}],"collection":[{"href":"https:\/\/speedlog.de\/es\/wp-json\/wp\/v2\/posts"}],"about":[{"href":"https:\/\/speedlog.de\/es\/wp-json\/wp\/v2\/types\/post"}],"author":[{"embeddable":true,"href":"https:\/\/speedlog.de\/es\/wp-json\/wp\/v2\/users\/1"}],"replies":[{"embeddable":true,"href":"https:\/\/speedlog.de\/es\/wp-json\/wp\/v2\/comments?post=3077"}],"version-history":[{"count":1,"href":"https:\/\/speedlog.de\/es\/wp-json\/wp\/v2\/posts\/3077\/revisions"}],"predecessor-version":[{"id":3080,"href":"https:\/\/speedlog.de\/es\/wp-json\/wp\/v2\/posts\/3077\/revisions\/3080"}],"wp:featuredmedia":[{"embeddable":true,"href":"https:\/\/speedlog.de\/es\/wp-json\/wp\/v2\/media\/3079"}],"wp:attachment":[{"href":"https:\/\/speedlog.de\/es\/wp-json\/wp\/v2\/media?parent=3077"}],"wp:term":[{"taxonomy":"category","embeddable":true,"href":"https:\/\/speedlog.de\/es\/wp-json\/wp\/v2\/categories?post=3077"},{"taxonomy":"post_tag","embeddable":true,"href":"https:\/\/speedlog.de\/es\/wp-json\/wp\/v2\/tags?post=3077"}],"curies":[{"name":"wp","href":"https:\/\/api.w.org\/{rel}","templated":true}]}}